{"id":147,"date":"2012-02-15T12:00:55","date_gmt":"2012-02-15T11:00:55","guid":{"rendered":"http:\/\/blog.zreptil.de\/?p=147"},"modified":"2020-11-14T10:32:05","modified_gmt":"2020-11-14T09:32:05","slug":"die-freiheit-der-gedanken","status":"publish","type":"post","link":"https:\/\/blog.zreptil.de\/index.php\/2012\/02\/15\/die-freiheit-der-gedanken\/","title":{"rendered":"Die Freiheit der Gedanken"},"content":{"rendered":"<p>Es gab ein paar Gedanken,<br \/>\ndie durch den Kopf sich wanden.<br \/>\nSie liefen hin, sie liefen her,<br \/>\nsie sahen viel und wollten mehr.<\/p>\n<p>Sie wanden und sie schl\u00e4ngelten<br \/>\nsie dr\u00fcckten und sie dr\u00e4ngelten.<br \/>\nSie wollten in die weite Welt<br \/>\ndoch ihnen war der Weg verstellt!<\/p>\n<p>Sie kamen stets an Schranken,<br \/>\ndie wuselnden Gedanken,<br \/>\nsie wurden eingefangen<br \/>\nvon Vorurteil und Bangen.<\/p>\n<p>So drehten sie sich stets im Kreis<br \/>\num das, was der Kopf eh schon weiss,<br \/>\nund konnten nicht entrinnen,<br \/>\num Neues zu ersinnen.<\/p>\n<p>Doch einmal schlief das Vorurteil,<br \/>\ndas fanden die Gedanken geil<br \/>\nund nutzten die Gelegenheit<br \/>\nsich umzusehen weit und breit.<\/p>\n<p>Das Bangen warnte sie davor,<br \/>\ndoch ihm war kalt und weil es fror<br \/>\nwar seine Stimme leise<br \/>\nund hemmte kaum die Reise.<\/p>\n<p>So konnten die Gedanken<br \/>\nganz frei und ohne Schranken<br \/>\nganz neue Dinge sehen<br \/>\nund diese auch verstehen.<\/p>\n<p>Das Vorurteil erwachte<br \/>\nsah sich um und dachte<br \/>\n&#8222;Das war ein sch\u00f6nes Schl\u00e4fchen,<br \/>\nwie geht es meinen Sch\u00e4fchen?&#8220;<\/p>\n<p>Da fand es sich umgeben<br \/>\nvon viel Gedankenf\u00e4den,<br \/>\ndie alles, was es kannte<br \/>\nmit neuer Sicht umspannte.<\/p>\n<p>Es wehrte sich zun\u00e4chst dagegen,<br \/>\nwollte aus Erfahrung reden,<br \/>\ndoch das war ziemlich einerlei,<br \/>\ndenn die Gedanken waren frei!<\/p>\n","protected":false},"excerpt":{"rendered":"<p>Es gab ein paar Gedanken, die durch den Kopf sich wanden. Sie liefen hin, sie liefen her, sie sahen viel und wollten mehr. Sie wanden und sie schl\u00e4ngelten sie dr\u00fcckten und sie dr\u00e4ngelten. Sie wollten in die weite Welt doch ihnen war der Weg verstellt! Sie kamen stets an Schranken, die wuselnden Gedanken, sie wurden &#8230; <a title=\"Die Freiheit der Gedanken\" class=\"read-more\" href=\"https:\/\/blog.zreptil.de\/index.php\/2012\/02\/15\/die-freiheit-der-gedanken\/\" aria-label=\"Mehr zu Die Freiheit der Gedanken\">Weiterlesen &#8230;<\/a><\/p>\n","protected":false},"author":1,"featured_media":0,"comment_status":"closed","ping_status":"open","sticky":false,"template":"","format":"standard","meta":{"generate_page_header":"","footnotes":""},"categories":[5],"tags":[],"class_list":["post-147","post","type-post","status-publish","format-standard","hentry","category-gedichte","infinite-scroll-item"],"_links":{"self":[{"href":"https:\/\/blog.zreptil.de\/index.php\/wp-json\/wp\/v2\/posts\/147","targetHints":{"allow":["GET"]}}],"collection":[{"href":"https:\/\/blog.zreptil.de\/index.php\/wp-json\/wp\/v2\/posts"}],"about":[{"href":"https:\/\/blog.zreptil.de\/index.php\/wp-json\/wp\/v2\/types\/post"}],"author":[{"embeddable":true,"href":"https:\/\/blog.zreptil.de\/index.php\/wp-json\/wp\/v2\/users\/1"}],"replies":[{"embeddable":true,"href":"https:\/\/blog.zreptil.de\/index.php\/wp-json\/wp\/v2\/comments?post=147"}],"version-history":[{"count":2,"href":"https:\/\/blog.zreptil.de\/index.php\/wp-json\/wp\/v2\/posts\/147\/revisions"}],"predecessor-version":[{"id":524,"href":"https:\/\/blog.zreptil.de\/index.php\/wp-json\/wp\/v2\/posts\/147\/revisions\/524"}],"wp:attachment":[{"href":"https:\/\/blog.zreptil.de\/index.php\/wp-json\/wp\/v2\/media?parent=147"}],"wp:term":[{"taxonomy":"category","embeddable":true,"href":"https:\/\/blog.zreptil.de\/index.php\/wp-json\/wp\/v2\/categories?post=147"},{"taxonomy":"post_tag","embeddable":true,"href":"https:\/\/blog.zreptil.de\/index.php\/wp-json\/wp\/v2\/tags?post=147"}],"curies":[{"name":"wp","href":"https:\/\/api.w.org\/{rel}","templated":true}]}}